{"id":3498,"date":"2022-08-04T07:05:58","date_gmt":"2022-08-04T07:05:58","guid":{"rendered":"https:\/\/bionet.cat\/?p=3498"},"modified":"2022-08-04T07:05:58","modified_gmt":"2022-08-04T07:05:58","slug":"anecpla-pide-a-las-administraciones-que-aumenten-su-compromiso-e-inversion-para-evitar-la-propagacion-de-la-mosca-negra","status":"publish","type":"post","link":"https:\/\/bionet.cat\/es\/anecpla-pide-a-las-administraciones-que-aumenten-su-compromiso-e-inversion-para-evitar-la-propagacion-de-la-mosca-negra\/","title":{"rendered":"ANECPLA pide a las administraciones que aumenten su compromiso e inversi\u00f3n para evitar la propagaci\u00f3n de la mosca negra"},"content":{"rendered":"<p>Aunque esta primavera podr\u00eda calificarse incluso de lluviosa, las tempranas altas temperaturas no han logrado revertir la situaci\u00f3n de sequ\u00eda extrema que sufre Espa\u00f1a. Todo ello constituye el panorama perfecto para la\u00a0<strong>proliferaci\u00f3n desmedida<\/strong>\u00a0de una especie de mosca que se ha convertido en la aut\u00e9ntica pesadilla de muchos ciudadanos los \u00faltimos veranos: la\u00a0<strong>mosca negra<\/strong>.<\/p>\n<p>La peculiaridad de este sim\u00falido de apenas 6 mm de longitud es que no pica: muerde. Su mordedura rasga la piel y es extremadamente dolorosa. En grupo, este insecto peque\u00f1o pero muy agresivo,\u00a0<strong>puede llegar a matar a ratones o p\u00e1jaros<\/strong>\u00a0y, en el caso de las personas, su ataque suele provocar hinchaz\u00f3n y heridas que pueden llegar a durar m\u00e1s de una semana. Adem\u00e1s, en ocasiones sus mordeduras pueden provocar reacciones al\u00e9rgicas muy llamativas.<\/p>\n<p>As\u00ed lo explica\u00a0<strong>Sergio Monge<\/strong>,<strong>\u00a0<\/strong>el presidente de la Asociaci\u00f3n Nacional de Empresas de Sanidad Ambiental (<strong>Anecpla<\/strong>), quien apunta que\u00a0\u201cel problema fundamental de este insecto es que\u00a0<strong>no pica<\/strong>, sino que\u00a0<strong>muerde en forma de sierra<\/strong>, generando una herida de consideraci\u00f3n importante y pudiendo dar lugar a infecciones y reacciones al\u00e9rgicas muy alarmantes, que en algunos casos pueden llegar incluso a requerir de hospitalizaci\u00f3n\u201d.<\/p>\n<h2><strong>LA MOSCA NEGRA, UN PELIGRO SANITARIO PARA ANIMALES Y HUMANOS<\/strong><\/h2>\n<p>En este sentido, desde Anecpla\u00a0<a href=\"https:\/\/www.animalshealth.es\/animaladas\/mosca-negra-expande-espana-peligros-animales\" target=\"_blank\" rel=\"noopener\">ya advirtieron<\/a>\u00a0el pasado mes de mayo de la expansi\u00f3n de la mosca negra y de las\u00a0<strong>consecuencias<\/strong>\u00a0que puede tener para los\u00a0<strong>animales de compa\u00f1\u00eda<\/strong>. \u201cEl problema de la picadura de la mosca negra tambi\u00e9n\u00a0<strong>puede afectar a los perros<\/strong>\u00a0que viven en lugares donde este insecto est\u00e1 presente, pudiendo provocar eczemas a los animales de compa\u00f1\u00eda, especialmente a los que viven al aire libre\u201d, se\u00f1alaron.<\/p>\n<p>De hecho, un estudio en el que participaron investigadores de la\u00a0<strong>Facultad de Veterinaria de la Universidad de Zaragoza<\/strong>\u00a0apunt\u00f3 que, al igual que el ser humano, los animales pueden contraer y verse\u00a0<strong>afectados por pat\u00f3genos<\/strong>\u00a0transmitidos por este insecto, como nematodos filariales, protozoos y varios virus.<\/p>\n<p>Ahora, desde Anecpla han criticado en un comunicado que la plaga de mosca negra que sufre Espa\u00f1a \u201c<strong>era previsible y se podr\u00eda haber evitado<\/strong>\u201d. Por ello, el presidente de la asociaci\u00f3n destaca que \u201csabiendo que los veranos son cada vez m\u00e1s calurosos y m\u00e1s secos, debido a los efectos del cambio clim\u00e1tico, las\u00a0<strong>Administraciones P\u00fablicas<\/strong>, tanto de las localidades afectadas como a nivel auton\u00f3mico y nacional,\u00a0<strong>deber\u00edan tomar eficaces medidas<\/strong>\u00a0<strong>de prevenci\u00f3n<\/strong>\u00a0a corto, medio y largo plazo que aunaran a todos los sectores implicados: gobiernos, asociaciones vecinales y el sector profesional de la gesti\u00f3n de plagas\u201d.<\/p>\n<p>\u201c<strong>Aunar fuerzas<\/strong>\u00a0desde un punto de vista multisectorial es, tambi\u00e9n en este \u00e1mbito, la \u00fanica manera de conseguir resultados y evitar en la medida de los posible potenciales efectos adversos que pueden llegar a provocar efectos muy negativos\u201d, afirma Sergio Monge.<\/p>\n<h2><strong>POTENCIAL VECTOR TRANSMISOR DE ENFERMEDADES<\/strong><\/h2>\n<p>\u201cLas altas temperaturas son uno de los factores principales para que se produzca un pico en el volumen de poblaci\u00f3n de mosca negra\u201d, explica Monge. \u201cSu\u00a0<strong>ciclo de vida<\/strong>, que puede completarse desde unos d\u00edas\u00a0<strong>hasta varios meses<\/strong>, puede llegar a reducirse a la mitad cuando hace mucho calor, como viene ocurriendo desde hace ya varias semanas, produci\u00e9ndose as\u00ed un\u00a0<strong>boom demogr\u00e1fico<\/strong>\u00a0y, consecuentemente, un aumento de picaduras\u201d, detalla.<\/p>\n<p>La mosca negra\u00a0<strong>se reproduce en los cauces de los r\u00edos<\/strong>, especialmente en aquellos que se encuentran especialmente limpios y concretamente en la vegetaci\u00f3n flotante, la cual queda al descubierto cuando el nivel del agua comienza a descender.<\/p>\n<p>\u201c<strong>No es una especie invasora<\/strong>, la mosca negra es aut\u00f3ctona, pero desde hace varios a\u00f1os se observan picos agresivos en sus ataques a humanos. Adem\u00e1s de un incremento exponencial de su poblaci\u00f3n en nuestro pa\u00eds donde, por el momento, no es vector transmisor de enfermedades, pero esta situaci\u00f3n puede cambiar en cualquier momento\u201d, alerta el presidente de ANECPLA.<\/p>\n<p>Y remarca que \u201cla mosca negra s\u00ed\u00a0<strong>transmite graves enfermedades infecciosas<\/strong>\u00a0como la oncocercosis, end\u00e9mica de varios pa\u00edses del \u00c1frica subsahariana, Brasil y Venezuela, donde seg\u00fan la Organizaci\u00f3n Mundial de la Salud (OMS) hay alrededor de 18 millones de personas infectadas y cerca de 270.000 se han quedado ciegas debido a esta enfermedad tambi\u00e9n conocida como \u2018ceguera de los r\u00edos\u2019. En cualquier momento, el salto se puede producir a nuestro pa\u00eds\u201d.<\/p>\n<p>&nbsp;<\/p>\n<p>&nbsp;<\/p>\n<p><em><a href=\"https:\/\/www.animalshealth.es\/mascotas\/plaga-mosca-negra-supone-peligro-animales-podria-haberse-evitado\">Consultar fuente original<\/a><\/em><\/p>\n","protected":false},"excerpt":{"rendered":"<p>Aunque esta primavera podr\u00eda calificarse incluso de lluviosa, las tempranas altas temperaturas no han logrado revertir la situaci\u00f3n de sequ\u00eda extrema que sufre Espa\u00f1a. Todo ello constituye el panorama perfecto para la\u00a0proliferaci\u00f3n desmedida\u00a0de una especie de mosca que se ha convertido en la aut\u00e9ntica pesadilla de muchos ciudadanos los \u00faltimos veranos: la\u00a0mosca negra. La peculiaridad&#8230;<\/p>\n","protected":false},"author":6,"featured_media":3499,"comment_status":"closed","ping_status":"closed","sticky":false,"template":"","format":"standard","meta":{"footnotes":""},"categories":[63],"tags":[],"class_list":["post-3498","post","type-post","status-publish","format-standard","has-post-thumbnail","hentry","category-sin-categorizar"],"_links":{"self":[{"href":"https:\/\/bionet.cat\/es\/wp-json\/wp\/v2\/posts\/3498","targetHints":{"allow":["GET"]}}],"collection":[{"href":"https:\/\/bionet.cat\/es\/wp-json\/wp\/v2\/posts"}],"about":[{"href":"https:\/\/bionet.cat\/es\/wp-json\/wp\/v2\/types\/post"}],"author":[{"embeddable":true,"href":"https:\/\/bionet.cat\/es\/wp-json\/wp\/v2\/users\/6"}],"replies":[{"embeddable":true,"href":"https:\/\/bionet.cat\/es\/wp-json\/wp\/v2\/comments?post=3498"}],"version-history":[{"count":1,"href":"https:\/\/bionet.cat\/es\/wp-json\/wp\/v2\/posts\/3498\/revisions"}],"predecessor-version":[{"id":3501,"href":"https:\/\/bionet.cat\/es\/wp-json\/wp\/v2\/posts\/3498\/revisions\/3501"}],"wp:featuredmedia":[{"embeddable":true,"href":"https:\/\/bionet.cat\/es\/wp-json\/wp\/v2\/media\/3499"}],"wp:attachment":[{"href":"https:\/\/bionet.cat\/es\/wp-json\/wp\/v2\/media?parent=3498"}],"wp:term":[{"taxonomy":"category","embeddable":true,"href":"https:\/\/bionet.cat\/es\/wp-json\/wp\/v2\/categories?post=3498"},{"taxonomy":"post_tag","embeddable":true,"href":"https:\/\/bionet.cat\/es\/wp-json\/wp\/v2\/tags?post=3498"}],"curies":[{"name":"wp","href":"https:\/\/api.w.org\/{rel}","templated":true}]}}